{"id":400,"date":"2022-03-24T04:26:52","date_gmt":"2022-03-24T03:26:52","guid":{"rendered":"https:\/\/www.lern-verlag.de\/blog\/?p=400"},"modified":"2022-03-20T18:50:28","modified_gmt":"2022-03-20T17:50:28","slug":"sachkunde-die-ernaehrung","status":"publish","type":"post","link":"https:\/\/www.lern-verlag.de\/blog\/2022\/03\/24\/sachkunde-die-ernaehrung\/","title":{"rendered":"Sachkunde die Ern\u00e4hrung"},"content":{"rendered":"<p>Sachkunde die Ern\u00e4hrung 2. Klasse Grundschule aus dem Hause <a href=\"https:\/\/lern.de\">lern.de<\/a>. Dies ist der passende Wegbegleiter schon w\u00e4hrend des Schuljahres f\u00fcr Sachkunde Grundschule 2. Klasse. Die Lernhilfe zeigt kindgerecht das Thema Ern\u00e4hrung. Das Probenbuch Sachkunde ist eine gute Vorbereitung auf die kommenden Leistungsnachweise und dient als Erg\u00e4nzung f\u00fcr alle Grundschulkinder ist, die gerne zus\u00e4tzlich in dem spannenden Fach Sachkunde \u00fcben wollen. Diese Probensammlung bereitet zielgerichtet auf die kommenden Leistungsnachweise in der Grundschule vor. Dazu sind in diesem Heft Sachkunde Grundschule 2. Klasse Original-Proben aus den Grundschulen abgedruckt, die aus dem Nachhilfebereich stammen. Die L\u00f6sungen sind kindgerecht geschrieben und beinhalten zudem auch Lernw\u00f6rter der 2. Klasse Grundschule, obwohl es sich um Sachkunde handelt. Eine ideale Erg\u00e4nzung zu den Materialien aus der Schule.<br \/>\nSobald die einzelnen \u00dcberblicke durchgelesen worden sind, geht es auch schon los mit den einzelnen Proben. Zudem sind alle \u00dcberblicke mit kindgerechten Zeichnungen illustriert.<\/p>\n<h2>Notenbesserung durch Sachkunde die Ern\u00e4hrung<\/h2>\n<p>Das Lernheft Sachkunde Grundschule 2. Klasse mit Original-Proben aus dem Grundschulunterricht bereitet auch w\u00e4hrend des Schuljahres auf die n\u00e4chste Klassenarbeit vor, da diese Lernhilfe speziell f\u00fcr die Grundschule 2. Klasse von engagierten Lehrkr\u00e4ften erstellt, nachdem alle \u00dcberblicke als Unikate von den Lehrkr\u00e4ften aus unserem Hause geschrieben worden sind.<br \/>\nDeshalb ist diese Lernhilfe eine gute eine M\u00f6glichkeit zur Notenbesserung und zum zus\u00e4tzlichen \u00dcben zu Hause. Solange dies eingehalten wird, werden die Noten besser. Obwohl man eventuell einen l\u00e4ngeren Atem hierf\u00fcr ben\u00f6tigt.<\/p>\n<h2>Sachkunde Grundschule 2. Klasse Probensammlung<\/h2>\n<p>Mit Hilfe der passenden \u00dcberblicke in der Lernhilfe Sachkunde Grundschule 2. Klasse , kann das Grundschulkind auch selbstst\u00e4ndig die Fragen in den Original-Proben beantworten. So macht das Lernen wieder Spa\u00df und Lernblockaden werden aufgel\u00f6st.<\/p>\n<p>Weiterhin gibt es in jeder Lernhilfe aus unserem Haus zus\u00e4tzlich auch noch<\/p>\n<ul>\n<li>nach jedem \u00dcberblick findet man die passenden Fragen in Form von Original-Proben<\/li>\n<li>die Fragen zu den einzelnen Themengebieten f\u00f6rdern das Selbstbewusstsein und die Kompetenz jedes einzelnen Kindes.<\/li>\n<\/ul>\n<p>Am Ende dieser Lernhilfe sind in einem eigenen Abschnitt zu jeder einzelnen Original-Probe die L\u00f6sungsvorschl\u00e4ge zu finden. Der vorhandene Notenschl\u00fcssel, der allgemeing\u00fcltig f\u00fcr alle Grundschulen in Deutschland ist, rundet dieses Lernbuch ab. Ob die Noten besser werden, zeigt sich nach den ersten \u00dcbungen, denn nachdem oft ge\u00fcbt wird, ist bekanntlich immer derjenige besser, als der, der nicht \u00fcbt.<\/p>\n<p><u><strong>Kurzinformationen zum Titel Sachkunde Grundschule 2. Klasse<br \/>\n<\/strong><\/u><\/p>\n<p><strong>Titel: <\/strong>Grundschule Probenbuch 2. Klasse Sachkunde HSU<br \/>\n<strong>Artikelnummer: <\/strong>EAN 9783743000253<br \/>\n<strong>ISBN-Nummer 13 stellig: <\/strong>978-3-7430-0025-3<br \/>\n<strong>Format: <\/strong>DIN A4<br \/>\n<strong>Seitenzahl: <\/strong>116<br \/>\n<strong>Gewicht: <\/strong>310 Gramm<br \/>\n<strong>3. \u00fcberarbeitete Auflage 2022<\/strong><\/p>\n","protected":false},"excerpt":{"rendered":"<p>Zusatzmaterial f\u00fcr zu Hause durch dieses \u00dcbungsheft in Sachkunde 2. Klasse mit Original-Proben aus dem Unterricht. Ideale Erg\u00e4nzung, kindgerecht aufbereitet. Sachkunde Grundschule die Ern\u00e4hrung f\u00fcr die 2 Klasse als ideale Unterst\u00fctzung w\u00e4hrend des Schuljahres. ISBN 978-3-7430-0025-3. <\/p>\n","protected":false},"author":1,"featured_media":402,"comment_status":"open","ping_status":"open","sticky":false,"template":"","format":"standard","meta":{"footnotes":""},"categories":[19],"tags":[630,627,634,677,624,557,626,628,631,623,55,625,633,632,556,629],"class_list":["post-400","post","type-post","status-publish","format-standard","has-post-thumbnail","hentry","category-grundschule","tag-die-hecke","tag-ernaehrung","tag-geld","tag-grundschule-bayern","tag-haustiere","tag-hsu","tag-jahreszeiten","tag-kalender","tag-monate","tag-probenbuch","tag-probensammlung","tag-sachkunde","tag-schulproben","tag-thermometer","tag-ultimatives-probenbuch","tag-verkehr"],"yoast_head":"<!-- This site is optimized with the Yoast SEO plugin v27.4 - https:\/\/yoast.com\/product\/yoast-seo-wordpress\/ -->\n<title>Sachkunde die Ern\u00e4hrung - lernverlag Blog<\/title>\n<meta name=\"description\" content=\"Sachkunde die Ern\u00e4hrung in unserem Probenbuch 2. Klasse als ideale Unterst\u00fctzung w\u00e4hrend des Schuljahres. ISBN 978-3-7430-0025-3\" \/>\n<meta name=\"robots\" content=\"index, follow, max-snippet:-1, max-image-preview:large, max-video-preview:-1\" \/>\n<link rel=\"canonical\" href=\"https:\/\/www.lern-verlag.de\/blog\/2022\/03\/24\/sachkunde-die-ernaehrung\/\" \/>\n<meta property=\"og:locale\" content=\"de_DE\" \/>\n<meta property=\"og:type\" content=\"article\" \/>\n<meta property=\"og:title\" content=\"Sachkunde die Ern\u00e4hrung - lernverlag Blog\" \/>\n<meta property=\"og:description\" content=\"Sachkunde die Ern\u00e4hrung in unserem Probenbuch 2. Klasse als ideale Unterst\u00fctzung w\u00e4hrend des Schuljahres. ISBN 978-3-7430-0025-3\" \/>\n<meta property=\"og:url\" content=\"https:\/\/www.lern-verlag.de\/blog\/2022\/03\/24\/sachkunde-die-ernaehrung\/\" \/>\n<meta property=\"og:site_name\" content=\"lernverlag Blog\" \/>\n<meta property=\"article:publisher\" content=\"https:\/\/www.facebook.com\/lernverlag\/\" \/>\n<meta property=\"article:published_time\" content=\"2022-03-24T03:26:52+00:00\" \/>\n<meta property=\"og:image\" content=\"https:\/\/www.lern-verlag.de\/blog\/wp-content\/uploads\/2022\/03\/GS_HSU2-2020-D2-scaled.jpg\" \/>\n\t<meta property=\"og:image:width\" content=\"2560\" \/>\n\t<meta property=\"og:image:height\" content=\"2104\" \/>\n\t<meta property=\"og:image:type\" content=\"image\/jpeg\" \/>\n<meta name=\"author\" content=\"lernverlag Team\" \/>\n<meta name=\"twitter:card\" content=\"summary_large_image\" \/>\n<meta name=\"twitter:creator\" content=\"@lernverlag\" \/>\n<meta name=\"twitter:site\" content=\"@lernverlag\" \/>\n<meta name=\"twitter:label1\" content=\"Verfasst von\" \/>\n\t<meta name=\"twitter:data1\" content=\"lernverlag Team\" \/>\n\t<meta name=\"twitter:label2\" content=\"Gesch\u00e4tzte Lesezeit\" \/>\n\t<meta name=\"twitter:data2\" content=\"2\u00a0Minuten\" \/>\n<script type=\"application\/ld+json\" class=\"yoast-schema-graph\">{\"@context\":\"https:\\\/\\\/schema.org\",\"@graph\":[{\"@type\":\"Article\",\"@id\":\"https:\\\/\\\/www.lern-verlag.de\\\/blog\\\/2022\\\/03\\\/24\\\/sachkunde-die-ernaehrung\\\/#article\",\"isPartOf\":{\"@id\":\"https:\\\/\\\/www.lern-verlag.de\\\/blog\\\/2022\\\/03\\\/24\\\/sachkunde-die-ernaehrung\\\/\"},\"author\":{\"name\":\"lernverlag Team\",\"@id\":\"https:\\\/\\\/www.lern-verlag.de\\\/blog\\\/#\\\/schema\\\/person\\\/d6df3778b4bc053f1b3738b6e928d505\"},\"headline\":\"Sachkunde die Ern\u00e4hrung\",\"datePublished\":\"2022-03-24T03:26:52+00:00\",\"mainEntityOfPage\":{\"@id\":\"https:\\\/\\\/www.lern-verlag.de\\\/blog\\\/2022\\\/03\\\/24\\\/sachkunde-die-ernaehrung\\\/\"},\"wordCount\":420,\"commentCount\":0,\"publisher\":{\"@id\":\"https:\\\/\\\/www.lern-verlag.de\\\/blog\\\/#organization\"},\"image\":{\"@id\":\"https:\\\/\\\/www.lern-verlag.de\\\/blog\\\/2022\\\/03\\\/24\\\/sachkunde-die-ernaehrung\\\/#primaryimage\"},\"thumbnailUrl\":\"https:\\\/\\\/www.lern-verlag.de\\\/blog\\\/wp-content\\\/uploads\\\/2022\\\/03\\\/GS_HSU2-2020-D2-scaled.jpg\",\"keywords\":[\"Die Hecke\",\"Ern\u00e4hrung\",\"Geld\",\"Grundschule Bayern\",\"Haustiere\",\"HSU\",\"Jahreszeiten\",\"Kalender\",\"Monate\",\"Probenbuch\",\"Probensammlung\",\"Sachkunde\",\"Schulproben\",\"Thermometer\",\"Ultimatives Probenbuch\",\"Verkehr\"],\"articleSection\":[\"Grundschule\"],\"inLanguage\":\"de\",\"potentialAction\":[{\"@type\":\"CommentAction\",\"name\":\"Comment\",\"target\":[\"https:\\\/\\\/www.lern-verlag.de\\\/blog\\\/2022\\\/03\\\/24\\\/sachkunde-die-ernaehrung\\\/#respond\"]}]},{\"@type\":\"WebPage\",\"@id\":\"https:\\\/\\\/www.lern-verlag.de\\\/blog\\\/2022\\\/03\\\/24\\\/sachkunde-die-ernaehrung\\\/\",\"url\":\"https:\\\/\\\/www.lern-verlag.de\\\/blog\\\/2022\\\/03\\\/24\\\/sachkunde-die-ernaehrung\\\/\",\"name\":\"Sachkunde die Ern\u00e4hrung - lernverlag Blog\",\"isPartOf\":{\"@id\":\"https:\\\/\\\/www.lern-verlag.de\\\/blog\\\/#website\"},\"primaryImageOfPage\":{\"@id\":\"https:\\\/\\\/www.lern-verlag.de\\\/blog\\\/2022\\\/03\\\/24\\\/sachkunde-die-ernaehrung\\\/#primaryimage\"},\"image\":{\"@id\":\"https:\\\/\\\/www.lern-verlag.de\\\/blog\\\/2022\\\/03\\\/24\\\/sachkunde-die-ernaehrung\\\/#primaryimage\"},\"thumbnailUrl\":\"https:\\\/\\\/www.lern-verlag.de\\\/blog\\\/wp-content\\\/uploads\\\/2022\\\/03\\\/GS_HSU2-2020-D2-scaled.jpg\",\"datePublished\":\"2022-03-24T03:26:52+00:00\",\"description\":\"Sachkunde die Ern\u00e4hrung in unserem Probenbuch 2. Klasse als ideale Unterst\u00fctzung w\u00e4hrend des Schuljahres. ISBN 978-3-7430-0025-3\",\"breadcrumb\":{\"@id\":\"https:\\\/\\\/www.lern-verlag.de\\\/blog\\\/2022\\\/03\\\/24\\\/sachkunde-die-ernaehrung\\\/#breadcrumb\"},\"inLanguage\":\"de\",\"potentialAction\":[{\"@type\":\"ReadAction\",\"target\":[\"https:\\\/\\\/www.lern-verlag.de\\\/blog\\\/2022\\\/03\\\/24\\\/sachkunde-die-ernaehrung\\\/\"]}]},{\"@type\":\"ImageObject\",\"inLanguage\":\"de\",\"@id\":\"https:\\\/\\\/www.lern-verlag.de\\\/blog\\\/2022\\\/03\\\/24\\\/sachkunde-die-ernaehrung\\\/#primaryimage\",\"url\":\"https:\\\/\\\/www.lern-verlag.de\\\/blog\\\/wp-content\\\/uploads\\\/2022\\\/03\\\/GS_HSU2-2020-D2-scaled.jpg\",\"contentUrl\":\"https:\\\/\\\/www.lern-verlag.de\\\/blog\\\/wp-content\\\/uploads\\\/2022\\\/03\\\/GS_HSU2-2020-D2-scaled.jpg\",\"width\":2560,\"height\":2104,\"caption\":\"Grundschule Probenbuch Sachkunde 2 Klasse\"},{\"@type\":\"BreadcrumbList\",\"@id\":\"https:\\\/\\\/www.lern-verlag.de\\\/blog\\\/2022\\\/03\\\/24\\\/sachkunde-die-ernaehrung\\\/#breadcrumb\",\"itemListElement\":[{\"@type\":\"ListItem\",\"position\":1,\"name\":\"Startseite\",\"item\":\"https:\\\/\\\/www.lern-verlag.de\\\/blog\\\/\"},{\"@type\":\"ListItem\",\"position\":2,\"name\":\"Sachkunde die Ern\u00e4hrung\"}]},{\"@type\":\"WebSite\",\"@id\":\"https:\\\/\\\/www.lern-verlag.de\\\/blog\\\/#website\",\"url\":\"https:\\\/\\\/www.lern-verlag.de\\\/blog\\\/\",\"name\":\"lernverlag Blog\",\"description\":\"\",\"publisher\":{\"@id\":\"https:\\\/\\\/www.lern-verlag.de\\\/blog\\\/#organization\"},\"potentialAction\":[{\"@type\":\"SearchAction\",\"target\":{\"@type\":\"EntryPoint\",\"urlTemplate\":\"https:\\\/\\\/www.lern-verlag.de\\\/blog\\\/?s={search_term_string}\"},\"query-input\":{\"@type\":\"PropertyValueSpecification\",\"valueRequired\":true,\"valueName\":\"search_term_string\"}}],\"inLanguage\":\"de\"},{\"@type\":\"Organization\",\"@id\":\"https:\\\/\\\/www.lern-verlag.de\\\/blog\\\/#organization\",\"name\":\"lernverlag der lern.de Bildungsgesellschaft mbH\",\"url\":\"https:\\\/\\\/www.lern-verlag.de\\\/blog\\\/\",\"logo\":{\"@type\":\"ImageObject\",\"inLanguage\":\"de\",\"@id\":\"https:\\\/\\\/www.lern-verlag.de\\\/blog\\\/#\\\/schema\\\/logo\\\/image\\\/\",\"url\":\"https:\\\/\\\/www.lern-verlag.de\\\/blog\\\/wp-content\\\/uploads\\\/2018\\\/10\\\/Logo_1200x630_Facebook_Post-e1540739613905.jpg\",\"contentUrl\":\"https:\\\/\\\/www.lern-verlag.de\\\/blog\\\/wp-content\\\/uploads\\\/2018\\\/10\\\/Logo_1200x630_Facebook_Post-e1540739613905.jpg\",\"width\":800,\"height\":420,\"caption\":\"lernverlag der lern.de Bildungsgesellschaft mbH\"},\"image\":{\"@id\":\"https:\\\/\\\/www.lern-verlag.de\\\/blog\\\/#\\\/schema\\\/logo\\\/image\\\/\"},\"sameAs\":[\"https:\\\/\\\/www.facebook.com\\\/lernverlag\\\/\",\"https:\\\/\\\/x.com\\\/lernverlag\",\"https:\\\/\\\/www.instagram.com\\\/lernverlag\\\/\",\"https:\\\/\\\/www.pinterest.de\\\/lernverlag\\\/\"]},{\"@type\":\"Person\",\"@id\":\"https:\\\/\\\/www.lern-verlag.de\\\/blog\\\/#\\\/schema\\\/person\\\/d6df3778b4bc053f1b3738b6e928d505\",\"name\":\"lernverlag Team\",\"image\":{\"@type\":\"ImageObject\",\"inLanguage\":\"de\",\"@id\":\"https:\\\/\\\/secure.gravatar.com\\\/avatar\\\/741b5fa3c153bbad5c2922c2a211c3b45c95c70af34e36672eb3fa60c73e81e6?s=96&d=mm&r=g\",\"url\":\"https:\\\/\\\/secure.gravatar.com\\\/avatar\\\/741b5fa3c153bbad5c2922c2a211c3b45c95c70af34e36672eb3fa60c73e81e6?s=96&d=mm&r=g\",\"contentUrl\":\"https:\\\/\\\/secure.gravatar.com\\\/avatar\\\/741b5fa3c153bbad5c2922c2a211c3b45c95c70af34e36672eb3fa60c73e81e6?s=96&d=mm&r=g\",\"caption\":\"lernverlag Team\"},\"url\":\"https:\\\/\\\/www.lern-verlag.de\\\/blog\\\/author\\\/sascha\\\/\"}]}<\/script>\n<!-- \/ Yoast SEO plugin. -->","yoast_head_json":{"title":"Sachkunde die Ern\u00e4hrung - lernverlag Blog","description":"Sachkunde die Ern\u00e4hrung in unserem Probenbuch 2. Klasse als ideale Unterst\u00fctzung w\u00e4hrend des Schuljahres. ISBN 978-3-7430-0025-3","robots":{"index":"index","follow":"follow","max-snippet":"max-snippet:-1","max-image-preview":"max-image-preview:large","max-video-preview":"max-video-preview:-1"},"canonical":"https:\/\/www.lern-verlag.de\/blog\/2022\/03\/24\/sachkunde-die-ernaehrung\/","og_locale":"de_DE","og_type":"article","og_title":"Sachkunde die Ern\u00e4hrung - lernverlag Blog","og_description":"Sachkunde die Ern\u00e4hrung in unserem Probenbuch 2. Klasse als ideale Unterst\u00fctzung w\u00e4hrend des Schuljahres. ISBN 978-3-7430-0025-3","og_url":"https:\/\/www.lern-verlag.de\/blog\/2022\/03\/24\/sachkunde-die-ernaehrung\/","og_site_name":"lernverlag Blog","article_publisher":"https:\/\/www.facebook.com\/lernverlag\/","article_published_time":"2022-03-24T03:26:52+00:00","og_image":[{"width":2560,"height":2104,"url":"https:\/\/www.lern-verlag.de\/blog\/wp-content\/uploads\/2022\/03\/GS_HSU2-2020-D2-scaled.jpg","type":"image\/jpeg"}],"author":"lernverlag Team","twitter_card":"summary_large_image","twitter_creator":"@lernverlag","twitter_site":"@lernverlag","twitter_misc":{"Verfasst von":"lernverlag Team","Gesch\u00e4tzte Lesezeit":"2\u00a0Minuten"},"schema":{"@context":"https:\/\/schema.org","@graph":[{"@type":"Article","@id":"https:\/\/www.lern-verlag.de\/blog\/2022\/03\/24\/sachkunde-die-ernaehrung\/#article","isPartOf":{"@id":"https:\/\/www.lern-verlag.de\/blog\/2022\/03\/24\/sachkunde-die-ernaehrung\/"},"author":{"name":"lernverlag Team","@id":"https:\/\/www.lern-verlag.de\/blog\/#\/schema\/person\/d6df3778b4bc053f1b3738b6e928d505"},"headline":"Sachkunde die Ern\u00e4hrung","datePublished":"2022-03-24T03:26:52+00:00","mainEntityOfPage":{"@id":"https:\/\/www.lern-verlag.de\/blog\/2022\/03\/24\/sachkunde-die-ernaehrung\/"},"wordCount":420,"commentCount":0,"publisher":{"@id":"https:\/\/www.lern-verlag.de\/blog\/#organization"},"image":{"@id":"https:\/\/www.lern-verlag.de\/blog\/2022\/03\/24\/sachkunde-die-ernaehrung\/#primaryimage"},"thumbnailUrl":"https:\/\/www.lern-verlag.de\/blog\/wp-content\/uploads\/2022\/03\/GS_HSU2-2020-D2-scaled.jpg","keywords":["Die Hecke","Ern\u00e4hrung","Geld","Grundschule Bayern","Haustiere","HSU","Jahreszeiten","Kalender","Monate","Probenbuch","Probensammlung","Sachkunde","Schulproben","Thermometer","Ultimatives Probenbuch","Verkehr"],"articleSection":["Grundschule"],"inLanguage":"de","potentialAction":[{"@type":"CommentAction","name":"Comment","target":["https:\/\/www.lern-verlag.de\/blog\/2022\/03\/24\/sachkunde-die-ernaehrung\/#respond"]}]},{"@type":"WebPage","@id":"https:\/\/www.lern-verlag.de\/blog\/2022\/03\/24\/sachkunde-die-ernaehrung\/","url":"https:\/\/www.lern-verlag.de\/blog\/2022\/03\/24\/sachkunde-die-ernaehrung\/","name":"Sachkunde die Ern\u00e4hrung - lernverlag Blog","isPartOf":{"@id":"https:\/\/www.lern-verlag.de\/blog\/#website"},"primaryImageOfPage":{"@id":"https:\/\/www.lern-verlag.de\/blog\/2022\/03\/24\/sachkunde-die-ernaehrung\/#primaryimage"},"image":{"@id":"https:\/\/www.lern-verlag.de\/blog\/2022\/03\/24\/sachkunde-die-ernaehrung\/#primaryimage"},"thumbnailUrl":"https:\/\/www.lern-verlag.de\/blog\/wp-content\/uploads\/2022\/03\/GS_HSU2-2020-D2-scaled.jpg","datePublished":"2022-03-24T03:26:52+00:00","description":"Sachkunde die Ern\u00e4hrung in unserem Probenbuch 2. Klasse als ideale Unterst\u00fctzung w\u00e4hrend des Schuljahres. ISBN 978-3-7430-0025-3","breadcrumb":{"@id":"https:\/\/www.lern-verlag.de\/blog\/2022\/03\/24\/sachkunde-die-ernaehrung\/#breadcrumb"},"inLanguage":"de","potentialAction":[{"@type":"ReadAction","target":["https:\/\/www.lern-verlag.de\/blog\/2022\/03\/24\/sachkunde-die-ernaehrung\/"]}]},{"@type":"ImageObject","inLanguage":"de","@id":"https:\/\/www.lern-verlag.de\/blog\/2022\/03\/24\/sachkunde-die-ernaehrung\/#primaryimage","url":"https:\/\/www.lern-verlag.de\/blog\/wp-content\/uploads\/2022\/03\/GS_HSU2-2020-D2-scaled.jpg","contentUrl":"https:\/\/www.lern-verlag.de\/blog\/wp-content\/uploads\/2022\/03\/GS_HSU2-2020-D2-scaled.jpg","width":2560,"height":2104,"caption":"Grundschule Probenbuch Sachkunde 2 Klasse"},{"@type":"BreadcrumbList","@id":"https:\/\/www.lern-verlag.de\/blog\/2022\/03\/24\/sachkunde-die-ernaehrung\/#breadcrumb","itemListElement":[{"@type":"ListItem","position":1,"name":"Startseite","item":"https:\/\/www.lern-verlag.de\/blog\/"},{"@type":"ListItem","position":2,"name":"Sachkunde die Ern\u00e4hrung"}]},{"@type":"WebSite","@id":"https:\/\/www.lern-verlag.de\/blog\/#website","url":"https:\/\/www.lern-verlag.de\/blog\/","name":"lernverlag Blog","description":"","publisher":{"@id":"https:\/\/www.lern-verlag.de\/blog\/#organization"},"potentialAction":[{"@type":"SearchAction","target":{"@type":"EntryPoint","urlTemplate":"https:\/\/www.lern-verlag.de\/blog\/?s={search_term_string}"},"query-input":{"@type":"PropertyValueSpecification","valueRequired":true,"valueName":"search_term_string"}}],"inLanguage":"de"},{"@type":"Organization","@id":"https:\/\/www.lern-verlag.de\/blog\/#organization","name":"lernverlag der lern.de Bildungsgesellschaft mbH","url":"https:\/\/www.lern-verlag.de\/blog\/","logo":{"@type":"ImageObject","inLanguage":"de","@id":"https:\/\/www.lern-verlag.de\/blog\/#\/schema\/logo\/image\/","url":"https:\/\/www.lern-verlag.de\/blog\/wp-content\/uploads\/2018\/10\/Logo_1200x630_Facebook_Post-e1540739613905.jpg","contentUrl":"https:\/\/www.lern-verlag.de\/blog\/wp-content\/uploads\/2018\/10\/Logo_1200x630_Facebook_Post-e1540739613905.jpg","width":800,"height":420,"caption":"lernverlag der lern.de Bildungsgesellschaft mbH"},"image":{"@id":"https:\/\/www.lern-verlag.de\/blog\/#\/schema\/logo\/image\/"},"sameAs":["https:\/\/www.facebook.com\/lernverlag\/","https:\/\/x.com\/lernverlag","https:\/\/www.instagram.com\/lernverlag\/","https:\/\/www.pinterest.de\/lernverlag\/"]},{"@type":"Person","@id":"https:\/\/www.lern-verlag.de\/blog\/#\/schema\/person\/d6df3778b4bc053f1b3738b6e928d505","name":"lernverlag Team","image":{"@type":"ImageObject","inLanguage":"de","@id":"https:\/\/secure.gravatar.com\/avatar\/741b5fa3c153bbad5c2922c2a211c3b45c95c70af34e36672eb3fa60c73e81e6?s=96&d=mm&r=g","url":"https:\/\/secure.gravatar.com\/avatar\/741b5fa3c153bbad5c2922c2a211c3b45c95c70af34e36672eb3fa60c73e81e6?s=96&d=mm&r=g","contentUrl":"https:\/\/secure.gravatar.com\/avatar\/741b5fa3c153bbad5c2922c2a211c3b45c95c70af34e36672eb3fa60c73e81e6?s=96&d=mm&r=g","caption":"lernverlag Team"},"url":"https:\/\/www.lern-verlag.de\/blog\/author\/sascha\/"}]}},"wp-worthy-pixel":{"ignored":false,"public":"23887c3784d14757a32408f36a7d1786","server":"vg09.met.vgwort.de","url":"https:\/\/vg09.met.vgwort.de\/na\/23887c3784d14757a32408f36a7d1786"},"wp-worthy-type":"normal","_links":{"self":[{"href":"https:\/\/www.lern-verlag.de\/blog\/wp-json\/wp\/v2\/posts\/400","targetHints":{"allow":["GET"]}}],"collection":[{"href":"https:\/\/www.lern-verlag.de\/blog\/wp-json\/wp\/v2\/posts"}],"about":[{"href":"https:\/\/www.lern-verlag.de\/blog\/wp-json\/wp\/v2\/types\/post"}],"author":[{"embeddable":true,"href":"https:\/\/www.lern-verlag.de\/blog\/wp-json\/wp\/v2\/users\/1"}],"replies":[{"embeddable":true,"href":"https:\/\/www.lern-verlag.de\/blog\/wp-json\/wp\/v2\/comments?post=400"}],"version-history":[{"count":1,"href":"https:\/\/www.lern-verlag.de\/blog\/wp-json\/wp\/v2\/posts\/400\/revisions"}],"predecessor-version":[{"id":403,"href":"https:\/\/www.lern-verlag.de\/blog\/wp-json\/wp\/v2\/posts\/400\/revisions\/403"}],"wp:featuredmedia":[{"embeddable":true,"href":"https:\/\/www.lern-verlag.de\/blog\/wp-json\/wp\/v2\/media\/402"}],"wp:attachment":[{"href":"https:\/\/www.lern-verlag.de\/blog\/wp-json\/wp\/v2\/media?parent=400"}],"wp:term":[{"taxonomy":"category","embeddable":true,"href":"https:\/\/www.lern-verlag.de\/blog\/wp-json\/wp\/v2\/categories?post=400"},{"taxonomy":"post_tag","embeddable":true,"href":"https:\/\/www.lern-verlag.de\/blog\/wp-json\/wp\/v2\/tags?post=400"}],"curies":[{"name":"wp","href":"https:\/\/api.w.org\/{rel}","templated":true}]}}